{"id":5484,"date":"2025-09-26T12:00:00","date_gmt":"2025-09-26T12:00:00","guid":{"rendered":"https:\/\/tomic-han.com\/?p=5484"},"modified":"2025-09-30T22:18:27","modified_gmt":"2025-09-30T22:18:27","slug":"from-shared-desk-to-architecture-office-a-story-of-growth","status":"publish","type":"post","link":"https:\/\/tomic-han.com\/de\/logbuch\/from-shared-desk-to-architecture-office-a-story-of-growth\/","title":{"rendered":"Vom geteilten Schreibtisch zum Architekturb\u00fcro: Eine Geschichte des Wachstums"},"content":{"rendered":"<p>Anfang 2019 begann THA als bescheidenes Zwei-Personen-Studio. Peiying und ich teilten uns ein kleines B\u00fcro im 3. Wiener Bezirk \u2013 kaum mehr als ein Schreibtisch in einem gro\u00dfen Gemeinschaftsraum und ein unersch\u00fctterlicher Wille. Wohin wir auch gingen, unser Studio war dabei. Das waren wir. Raum und Zeit kannten keine Grenzen: Ein Caf\u00e9-Tisch konnte sich in unser Atelier verwandeln, eine Wohnzimmer-Ecke in einen Arbeitsplatz. Auf Reisen begleitete uns das Studio \u2013 von Wien nach Rijeka, Rovinj, Banja Luka, Sarajevo, Shanghai, Chongqing und Peking. Manchmal fragten wir uns, wohin diese Reise f\u00fchren w\u00fcrde. Die Wegmarken waren ungewiss, doch es war unser Ort \u2013 dort, wo N\u00e4chte in Morgenstunden \u00fcbergingen, wo Ideen erprobt und neu geformt wurden und wo die Grundlagen von THA langsam Gestalt annahmen.<\/p>\n\n\n\n<p>Der Anfang war besonders. Jedes Projekt war pers\u00f6nlich. Jede Zeichnung trug das Gewicht des Anspruchs. Eine klare Grenze zwischen Arbeit und Leben gab es nicht \u2013 das Studio war beides zugleich. R\u00fcckblickend ging es in diesen fr\u00fchen Tagen nicht nur darum, ein B\u00fcro zu gr\u00fcnden. Es ging darum, einen Rhythmus zu finden, eine Arbeitsweise zu formen, die Disziplin, Neugier und die Freude am gemeinsamen Schaffen verband.<\/p>\n\n\n\n<p>F\u00fcnf Jahre sp\u00e4ter stehen wir an einem anderen Punkt \u2013 mit mehr Energie und weit mehr Erfahrung. THA ist nicht l\u00e4nger Teil eines Gemeinschaftsb\u00fcros, sondern hat eine eigene Identit\u00e4t und eigene R\u00e4ume. Die Schreibtische sind nicht mehr nur zwei, sondern viele. Sie tragen ein wachsendes Team, zahlreiche Bildschirme, Skizzen, pers\u00f6nliche Notizen und entstehende Ideen. Was mit zwei Architekten begann, ist zu einem Kollektiv aus Kollegen, Partnern und Freunden geworden \u2013 Menschen, die Fachwissen, Kreativit\u00e4t und Vision in jede Aufgabe einbringen. Es gibt eine Geschichte dessen, was war, und eine Geschichte dessen, was noch kommen wird.<\/p>\n\n\n\n<p>Wachstum in der Architektur verl\u00e4uft selten linear. Es ist begleitet von Pausen, Umwegen und Momenten der Neujustierung. F\u00fcr uns bedeutete Wachstum, zu lernen, wie sich Unabh\u00e4ngigkeit mit Zusammenarbeit in Einklang bringen l\u00e4sst, wie man Projekte zunehmender Gr\u00f6\u00dfe steuert, ohne den Blick f\u00fcrs Detail zu verlieren, und wie man das Experimentieren lebendig h\u00e4lt, selbst wenn Deadlines dr\u00e4ngen. Wachstum bedeutete auch, Vertrauen aufzubauen \u2013 zu Auftraggebern, zu Partnern und zu uns selbst. Vertrauen darauf, dass unsere Entw\u00fcrfe mehr sind als Zeichnungen und Modelle; dass sie eine geteilte Verantwortung f\u00fcr R\u00e4ume darstellen, die den Alltag pr\u00e4gen.<\/p>\n\n\n\n<p>Architektur war im Kern nie nur eine Frage von Geb\u00e4uden. Sie handelt von Menschen und Orten, vom stillen Dialog zwischen Material und Licht, zwischen Stadt und B\u00fcrger. Sie handelt von den Geschichten, die wir gemeinsam erschaffen \u2013 Geschichten, die sich in W\u00e4nden, H\u00f6fen und Stra\u00dfen einschreiben.<\/p>\n\n\n\n<p>Aus heutiger Perspektive blicken wir nicht nur auf abgeschlossene Projekte. Wir sehen Kooperationen, die zu langfristigen Partnerschaften wurden, Vertrauen, das aufgebaut und gefestigt wurde. Wir sehen Herausforderungen, die uns weiter gebracht haben, als wir erwartet h\u00e4tten. Vor allem aber sehen wir ein Team, das denselben Geist weitertr\u00e4gt, der schon 2019 im geteilten Schreibtischstudio lebte \u2013 den Glauben daran, dass Architektur verbinden, inspirieren und Bestand haben kann.<\/p>\n\n\n\n<p>Vor allem sind wir dankbar. Dankbar unseren Auftraggebern, die uns ihr Vertrauen geschenkt haben, unseren Partnern, die an unserer Seite gearbeitet haben, und unseren Kollegen, die ihr K\u00f6nnen und ihr Herz investiert haben, um THA zu dem zu machen, was es heute ist. Die Reise ist noch lange nicht zu Ende, doch nach f\u00fcnf Jahren steht eines fest: Die Geschichte von THA entsteht gemeinsam.<\/p>\n\n\n\n<p><\/p>","protected":false},"excerpt":{"rendered":"<p>In early 2019, THA began as a modest two-person studio. Peiying and I shared a small office in Vienna\u2019s 3rd district. It was not much more than a desk in a big shared space and endless determination. Wherever we went, our two-person studio followed. That was us. Space and time were never a limit. A [&hellip;]<\/p>\n","protected":false},"author":8,"featured_media":5485,"comment_status":"closed","ping_status":"closed","sticky":false,"template":"","format":"standard","meta":{"footnotes":""},"categories":[45],"tags":[],"class_list":["post-5484","post","type-post","status-publish","format-standard","has-post-thumbnail","hentry","category-logbuch"],"yoast_head":"<!-- This site is optimized with the Yoast SEO Premium plugin v26.9 (Yoast SEO v27.4) - https:\/\/yoast.com\/product\/yoast-seo-premium-wordpress\/ -->\n<title>A Story of Growth: Adventures in Creativity - THA<\/title>\n<meta name=\"description\" content=\"Explore a story of growth from a humble two-person studio to a creative powerhouse, defying limits and embracing challenges.\" \/>\n<meta name=\"robots\" content=\"index, follow, max-snippet:-1, max-image-preview:large, max-video-preview:-1\" \/>\n<link rel=\"canonical\" href=\"https:\/\/tomic-han.com\/de\/logbuch\/from-shared-desk-to-architecture-office-a-story-of-growth\/\" \/>\n<meta property=\"og:locale\" content=\"de_DE\" \/>\n<meta property=\"og:type\" content=\"article\" \/>\n<meta property=\"og:title\" content=\"From Shared Desk to Architecture Office: A Story of Growth\" \/>\n<meta property=\"og:description\" content=\"Explore a story of growth from a humble two-person studio to a creative powerhouse, defying limits and embracing challenges.\" \/>\n<meta property=\"og:url\" content=\"https:\/\/tomic-han.com\/de\/logbuch\/from-shared-desk-to-architecture-office-a-story-of-growth\/\" \/>\n<meta property=\"og:site_name\" content=\"THA\" \/>\n<meta property=\"article:published_time\" content=\"2025-09-26T12:00:00+00:00\" \/>\n<meta property=\"article:modified_time\" content=\"2025-09-30T22:18:27+00:00\" \/>\n<meta property=\"og:image\" content=\"https:\/\/tomic-han.com\/wp-content\/uploads\/2025\/09\/tha_from-shared-desk-to-architecture-tffice_a-ttory-of-growth_tha.jpg\" \/>\n\t<meta property=\"og:image:width\" content=\"4000\" \/>\n\t<meta property=\"og:image:height\" content=\"2250\" \/>\n\t<meta property=\"og:image:type\" content=\"image\/jpeg\" \/>\n<meta name=\"author\" content=\"Robert Tomi\u0107\" \/>\n<meta name=\"twitter:card\" content=\"summary_large_image\" \/>\n<meta name=\"twitter:label1\" content=\"Verfasst von\" \/>\n\t<meta name=\"twitter:data1\" content=\"Robert Tomi\u0107\" \/>\n\t<meta name=\"twitter:label2\" content=\"Gesch\u00e4tzte Lesezeit\" \/>\n\t<meta name=\"twitter:data2\" content=\"3 Minuten\" \/>\n<script type=\"application\/ld+json\" class=\"yoast-schema-graph\">{\"@context\":\"https:\\\/\\\/schema.org\",\"@graph\":[{\"@type\":\"Article\",\"@id\":\"https:\\\/\\\/tomic-han.com\\\/logbuch\\\/from-shared-desk-to-architecture-office-a-story-of-growth\\\/#article\",\"isPartOf\":{\"@id\":\"https:\\\/\\\/tomic-han.com\\\/logbuch\\\/from-shared-desk-to-architecture-office-a-story-of-growth\\\/\"},\"author\":{\"name\":\"Robert Tomi\u0107\",\"@id\":\"https:\\\/\\\/tomic-han.com\\\/#\\\/schema\\\/person\\\/b660d5ebfe0b36815887e51c69b5f4e2\"},\"headline\":\"From Shared Desk to Architecture Office: A Story of Growth\",\"datePublished\":\"2025-09-26T12:00:00+00:00\",\"dateModified\":\"2025-09-30T22:18:27+00:00\",\"mainEntityOfPage\":{\"@id\":\"https:\\\/\\\/tomic-han.com\\\/logbuch\\\/from-shared-desk-to-architecture-office-a-story-of-growth\\\/\"},\"wordCount\":544,\"image\":{\"@id\":\"https:\\\/\\\/tomic-han.com\\\/logbuch\\\/from-shared-desk-to-architecture-office-a-story-of-growth\\\/#primaryimage\"},\"thumbnailUrl\":\"https:\\\/\\\/tomic-han.com\\\/wp-content\\\/uploads\\\/2025\\\/09\\\/tha_from-shared-desk-to-architecture-tffice_a-ttory-of-growth_tha.jpg\",\"articleSection\":[\"logbuch\"],\"inLanguage\":\"de-AT\"},{\"@type\":\"WebPage\",\"@id\":\"https:\\\/\\\/tomic-han.com\\\/logbuch\\\/from-shared-desk-to-architecture-office-a-story-of-growth\\\/\",\"url\":\"https:\\\/\\\/tomic-han.com\\\/logbuch\\\/from-shared-desk-to-architecture-office-a-story-of-growth\\\/\",\"name\":\"A Story of Growth: Adventures in Creativity - THA\",\"isPartOf\":{\"@id\":\"https:\\\/\\\/tomic-han.com\\\/#website\"},\"primaryImageOfPage\":{\"@id\":\"https:\\\/\\\/tomic-han.com\\\/logbuch\\\/from-shared-desk-to-architecture-office-a-story-of-growth\\\/#primaryimage\"},\"image\":{\"@id\":\"https:\\\/\\\/tomic-han.com\\\/logbuch\\\/from-shared-desk-to-architecture-office-a-story-of-growth\\\/#primaryimage\"},\"thumbnailUrl\":\"https:\\\/\\\/tomic-han.com\\\/wp-content\\\/uploads\\\/2025\\\/09\\\/tha_from-shared-desk-to-architecture-tffice_a-ttory-of-growth_tha.jpg\",\"datePublished\":\"2025-09-26T12:00:00+00:00\",\"dateModified\":\"2025-09-30T22:18:27+00:00\",\"author\":{\"@id\":\"https:\\\/\\\/tomic-han.com\\\/#\\\/schema\\\/person\\\/b660d5ebfe0b36815887e51c69b5f4e2\"},\"description\":\"Explore a story of growth from a humble two-person studio to a creative powerhouse, defying limits and embracing challenges.\",\"breadcrumb\":{\"@id\":\"https:\\\/\\\/tomic-han.com\\\/logbuch\\\/from-shared-desk-to-architecture-office-a-story-of-growth\\\/#breadcrumb\"},\"inLanguage\":\"de-AT\",\"potentialAction\":[{\"@type\":\"ReadAction\",\"target\":[\"https:\\\/\\\/tomic-han.com\\\/logbuch\\\/from-shared-desk-to-architecture-office-a-story-of-growth\\\/\"]}]},{\"@type\":\"ImageObject\",\"inLanguage\":\"de-AT\",\"@id\":\"https:\\\/\\\/tomic-han.com\\\/logbuch\\\/from-shared-desk-to-architecture-office-a-story-of-growth\\\/#primaryimage\",\"url\":\"https:\\\/\\\/tomic-han.com\\\/wp-content\\\/uploads\\\/2025\\\/09\\\/tha_from-shared-desk-to-architecture-tffice_a-ttory-of-growth_tha.jpg\",\"contentUrl\":\"https:\\\/\\\/tomic-han.com\\\/wp-content\\\/uploads\\\/2025\\\/09\\\/tha_from-shared-desk-to-architecture-tffice_a-ttory-of-growth_tha.jpg\",\"width\":4000,\"height\":2250,\"caption\":\"Peiying Han and Robert Tomi\u0107 in the early days of THA, Vienna 3rd district.\"},{\"@type\":\"BreadcrumbList\",\"@id\":\"https:\\\/\\\/tomic-han.com\\\/logbuch\\\/from-shared-desk-to-architecture-office-a-story-of-growth\\\/#breadcrumb\",\"itemListElement\":[{\"@type\":\"ListItem\",\"position\":1,\"name\":\"Home\",\"item\":\"https:\\\/\\\/tomic-han.com\\\/\"},{\"@type\":\"ListItem\",\"position\":2,\"name\":\"From Shared Desk to Architecture Office: A Story of Growth\"}]},{\"@type\":\"WebSite\",\"@id\":\"https:\\\/\\\/tomic-han.com\\\/#website\",\"url\":\"https:\\\/\\\/tomic-han.com\\\/\",\"name\":\"THA\",\"description\":\"shape your space with care\",\"potentialAction\":[{\"@type\":\"SearchAction\",\"target\":{\"@type\":\"EntryPoint\",\"urlTemplate\":\"https:\\\/\\\/tomic-han.com\\\/?s={search_term_string}\"},\"query-input\":{\"@type\":\"PropertyValueSpecification\",\"valueRequired\":true,\"valueName\":\"search_term_string\"}}],\"inLanguage\":\"de-AT\"},{\"@type\":\"Person\",\"@id\":\"https:\\\/\\\/tomic-han.com\\\/#\\\/schema\\\/person\\\/b660d5ebfe0b36815887e51c69b5f4e2\",\"name\":\"Robert Tomi\u0107\",\"image\":{\"@type\":\"ImageObject\",\"inLanguage\":\"de-AT\",\"@id\":\"https:\\\/\\\/tomic-han.com\\\/wp-content\\\/uploads\\\/2025\\\/03\\\/robert-tomic_avatar-96x96.jpeg\",\"url\":\"https:\\\/\\\/tomic-han.com\\\/wp-content\\\/uploads\\\/2025\\\/03\\\/robert-tomic_avatar-96x96.jpeg\",\"contentUrl\":\"https:\\\/\\\/tomic-han.com\\\/wp-content\\\/uploads\\\/2025\\\/03\\\/robert-tomic_avatar-96x96.jpeg\",\"caption\":\"Robert Tomi\u0107\"},\"description\":\"Licensed Architect in Austria\\\/EU | Ziviltechniker | Founding Partner at THA\",\"sameAs\":[\"https:\\\/\\\/tomic-han.com\\\/rot\\\/\"],\"url\":\"https:\\\/\\\/tomic-han.com\\\/de\\\/author\\\/rot\\\/\"}]}<\/script>\n<!-- \/ Yoast SEO Premium plugin. -->","yoast_head_json":{"title":"A Story of Growth: Adventures in Creativity - THA","description":"Explore a story of growth from a humble two-person studio to a creative powerhouse, defying limits and embracing challenges.","robots":{"index":"index","follow":"follow","max-snippet":"max-snippet:-1","max-image-preview":"max-image-preview:large","max-video-preview":"max-video-preview:-1"},"canonical":"https:\/\/tomic-han.com\/de\/logbuch\/from-shared-desk-to-architecture-office-a-story-of-growth\/","og_locale":"de_DE","og_type":"article","og_title":"From Shared Desk to Architecture Office: A Story of Growth","og_description":"Explore a story of growth from a humble two-person studio to a creative powerhouse, defying limits and embracing challenges.","og_url":"https:\/\/tomic-han.com\/de\/logbuch\/from-shared-desk-to-architecture-office-a-story-of-growth\/","og_site_name":"THA","article_published_time":"2025-09-26T12:00:00+00:00","article_modified_time":"2025-09-30T22:18:27+00:00","og_image":[{"width":4000,"height":2250,"url":"https:\/\/tomic-han.com\/wp-content\/uploads\/2025\/09\/tha_from-shared-desk-to-architecture-tffice_a-ttory-of-growth_tha.jpg","type":"image\/jpeg"}],"author":"Robert Tomi\u0107","twitter_card":"summary_large_image","twitter_misc":{"Verfasst von":"Robert Tomi\u0107","Gesch\u00e4tzte Lesezeit":"3 Minuten"},"schema":{"@context":"https:\/\/schema.org","@graph":[{"@type":"Article","@id":"https:\/\/tomic-han.com\/logbuch\/from-shared-desk-to-architecture-office-a-story-of-growth\/#article","isPartOf":{"@id":"https:\/\/tomic-han.com\/logbuch\/from-shared-desk-to-architecture-office-a-story-of-growth\/"},"author":{"name":"Robert Tomi\u0107","@id":"https:\/\/tomic-han.com\/#\/schema\/person\/b660d5ebfe0b36815887e51c69b5f4e2"},"headline":"From Shared Desk to Architecture Office: A Story of Growth","datePublished":"2025-09-26T12:00:00+00:00","dateModified":"2025-09-30T22:18:27+00:00","mainEntityOfPage":{"@id":"https:\/\/tomic-han.com\/logbuch\/from-shared-desk-to-architecture-office-a-story-of-growth\/"},"wordCount":544,"image":{"@id":"https:\/\/tomic-han.com\/logbuch\/from-shared-desk-to-architecture-office-a-story-of-growth\/#primaryimage"},"thumbnailUrl":"https:\/\/tomic-han.com\/wp-content\/uploads\/2025\/09\/tha_from-shared-desk-to-architecture-tffice_a-ttory-of-growth_tha.jpg","articleSection":["logbuch"],"inLanguage":"de-AT"},{"@type":"WebPage","@id":"https:\/\/tomic-han.com\/logbuch\/from-shared-desk-to-architecture-office-a-story-of-growth\/","url":"https:\/\/tomic-han.com\/logbuch\/from-shared-desk-to-architecture-office-a-story-of-growth\/","name":"A Story of Growth: Adventures in Creativity - THA","isPartOf":{"@id":"https:\/\/tomic-han.com\/#website"},"primaryImageOfPage":{"@id":"https:\/\/tomic-han.com\/logbuch\/from-shared-desk-to-architecture-office-a-story-of-growth\/#primaryimage"},"image":{"@id":"https:\/\/tomic-han.com\/logbuch\/from-shared-desk-to-architecture-office-a-story-of-growth\/#primaryimage"},"thumbnailUrl":"https:\/\/tomic-han.com\/wp-content\/uploads\/2025\/09\/tha_from-shared-desk-to-architecture-tffice_a-ttory-of-growth_tha.jpg","datePublished":"2025-09-26T12:00:00+00:00","dateModified":"2025-09-30T22:18:27+00:00","author":{"@id":"https:\/\/tomic-han.com\/#\/schema\/person\/b660d5ebfe0b36815887e51c69b5f4e2"},"description":"Explore a story of growth from a humble two-person studio to a creative powerhouse, defying limits and embracing challenges.","breadcrumb":{"@id":"https:\/\/tomic-han.com\/logbuch\/from-shared-desk-to-architecture-office-a-story-of-growth\/#breadcrumb"},"inLanguage":"de-AT","potentialAction":[{"@type":"ReadAction","target":["https:\/\/tomic-han.com\/logbuch\/from-shared-desk-to-architecture-office-a-story-of-growth\/"]}]},{"@type":"ImageObject","inLanguage":"de-AT","@id":"https:\/\/tomic-han.com\/logbuch\/from-shared-desk-to-architecture-office-a-story-of-growth\/#primaryimage","url":"https:\/\/tomic-han.com\/wp-content\/uploads\/2025\/09\/tha_from-shared-desk-to-architecture-tffice_a-ttory-of-growth_tha.jpg","contentUrl":"https:\/\/tomic-han.com\/wp-content\/uploads\/2025\/09\/tha_from-shared-desk-to-architecture-tffice_a-ttory-of-growth_tha.jpg","width":4000,"height":2250,"caption":"Peiying Han and Robert Tomi\u0107 in the early days of THA, Vienna 3rd district."},{"@type":"BreadcrumbList","@id":"https:\/\/tomic-han.com\/logbuch\/from-shared-desk-to-architecture-office-a-story-of-growth\/#breadcrumb","itemListElement":[{"@type":"ListItem","position":1,"name":"Home","item":"https:\/\/tomic-han.com\/"},{"@type":"ListItem","position":2,"name":"From Shared Desk to Architecture Office: A Story of Growth"}]},{"@type":"WebSite","@id":"https:\/\/tomic-han.com\/#website","url":"https:\/\/tomic-han.com\/","name":"THA","description":"shape your space with care","potentialAction":[{"@type":"SearchAction","target":{"@type":"EntryPoint","urlTemplate":"https:\/\/tomic-han.com\/?s={search_term_string}"},"query-input":{"@type":"PropertyValueSpecification","valueRequired":true,"valueName":"search_term_string"}}],"inLanguage":"de-AT"},{"@type":"Person","@id":"https:\/\/tomic-han.com\/#\/schema\/person\/b660d5ebfe0b36815887e51c69b5f4e2","name":"Robert Tomi\u0107","image":{"@type":"ImageObject","inLanguage":"de-AT","@id":"https:\/\/tomic-han.com\/wp-content\/uploads\/2025\/03\/robert-tomic_avatar-96x96.jpeg","url":"https:\/\/tomic-han.com\/wp-content\/uploads\/2025\/03\/robert-tomic_avatar-96x96.jpeg","contentUrl":"https:\/\/tomic-han.com\/wp-content\/uploads\/2025\/03\/robert-tomic_avatar-96x96.jpeg","caption":"Robert Tomi\u0107"},"description":"Staatlich befugter und beeideter Ziviltechniker (Architekt) in \u00d6sterreich\/EU | Ziviltechniker | Gr\u00fcndungspartner von THA","sameAs":["https:\/\/tomic-han.com\/rot\/"],"url":"https:\/\/tomic-han.com\/de\/author\/rot\/"}]}},"_links":{"self":[{"href":"https:\/\/tomic-han.com\/de\/wp-json\/wp\/v2\/posts\/5484","targetHints":{"allow":["GET"]}}],"collection":[{"href":"https:\/\/tomic-han.com\/de\/wp-json\/wp\/v2\/posts"}],"about":[{"href":"https:\/\/tomic-han.com\/de\/wp-json\/wp\/v2\/types\/post"}],"author":[{"embeddable":true,"href":"https:\/\/tomic-han.com\/de\/wp-json\/wp\/v2\/users\/8"}],"replies":[{"embeddable":true,"href":"https:\/\/tomic-han.com\/de\/wp-json\/wp\/v2\/comments?post=5484"}],"version-history":[{"count":2,"href":"https:\/\/tomic-han.com\/de\/wp-json\/wp\/v2\/posts\/5484\/revisions"}],"predecessor-version":[{"id":5505,"href":"https:\/\/tomic-han.com\/de\/wp-json\/wp\/v2\/posts\/5484\/revisions\/5505"}],"wp:featuredmedia":[{"embeddable":true,"href":"https:\/\/tomic-han.com\/de\/wp-json\/wp\/v2\/media\/5485"}],"wp:attachment":[{"href":"https:\/\/tomic-han.com\/de\/wp-json\/wp\/v2\/media?parent=5484"}],"wp:term":[{"taxonomy":"category","embeddable":true,"href":"https:\/\/tomic-han.com\/de\/wp-json\/wp\/v2\/categories?post=5484"},{"taxonomy":"post_tag","embeddable":true,"href":"https:\/\/tomic-han.com\/de\/wp-json\/wp\/v2\/tags?post=5484"}],"curies":[{"name":"wp","href":"https:\/\/api.w.org\/{rel}","templated":true}]}}