{"id":4857,"date":"2025-04-06T19:02:11","date_gmt":"2025-04-06T19:02:11","guid":{"rendered":"https:\/\/tomic-han.com\/?p=4857"},"modified":"2025-04-06T21:02:47","modified_gmt":"2025-04-06T21:02:47","slug":"spaces-that-spark-conversation-the-subtle-art-of-human-scale-design","status":"publish","type":"post","link":"https:\/\/tomic-han.com\/de\/logbuch\/spaces-that-spark-conversation-the-subtle-art-of-human-scale-design\/","title":{"rendered":"R\u00e4ume, die Gespr\u00e4che entz\u00fcnden: Die subtile Kunst des menschlichen Ma\u00dfstabs"},"content":{"rendered":"<p>In der Architektur formen menschliche Dimensionen oft die bedeutendsten Verbindungen \u2013 weit \u00fcber das hinaus, was reine visuelle Wirkung erreichen kann. Subtiles Licht, durchdachte Sitzanordnungen und sorgf\u00e4ltig abgestimmte Farbsynergien schaffen eine B\u00fchne f\u00fcr echte menschliche Interaktion, anstatt nur als eigenst\u00e4ndige skulpturale Objekte zu fungieren. Menschlicher Ma\u00dfstab ist kein Modewort; es geht darum zu erkennen, dass Geb\u00e4ude unseren Alltag auf vielfache Weise beeinflussen, die wir oft als selbstverst\u00e4ndlich ansehen. Im Idealfall verbindet Architektur Empathie, Anpassungsf\u00e4higkeit und ein intuitives Verst\u00e4ndnis daf\u00fcr, wie Menschen R\u00e4ume tats\u00e4chlich bewohnen.<\/p>\n\n\n\n<h2 class=\"wp-block-heading\" id=\"h-the-power-of-time-and-memory-in-architecture\">Die Kraft von Zeit und Erinnerung in der Architektur<\/h2>\n\n\n\n<p>Zeit ist entscheidend, um einem Ort seine Bedeutung zu verleihen. Spulen wir ein Jahrhundert vor, und Familien verweben das einst Neue in ihre fr\u00fchesten Erinnerungen \u2013 die ersten Schritte mit den Eltern, der Weg zur Schule, der erste Kuss. Im Laufe der Zeit wird ein gut gestaltetes Geb\u00e4ude vom Novum zu einem akzeptierten Bestandteil des st\u00e4dtischen Gef\u00fcges. Doch reicht es, sich auf vertraute Traditionen zu verlassen, oder sollten wir weiter nach neuen Wegen suchen, das menschliche Erleben zu gestalten?<\/p>\n\n\n\n<p>Wir beziehen uns h\u00e4ufig auf den menschlichen Ma\u00dfstab, wobei wir auf eine Linie zur\u00fcckgreifen, die bis zu Vitruv reicht und sich durch Le Corbusiers Modulor zieht \u2013 Versuche, das Design mit den Proportionen des menschlichen K\u00f6rpers in Einklang zu bringen. Aber sind diese Kanons unverr\u00fcckbar, oder lediglich grundlegende Ideen, die sich weiterentwickeln sollen?<\/p>\n\n\n\n<p>Wien bietet eine \u00fcberzeugende Perspektive auf diese Spannung. Seine ikonische Ringstra\u00dfe und die allgegenw\u00e4rtigen Bl\u00f6cke aus dem 19. Jahrhundert bilden ein wiedererkennbares Muster, das bestimmt, wie sowohl Bewohner als auch Besucher die Stadt erleben. Im Laufe der Jahre f\u00fchrten Architekten diskret moderne Elemente ein \u2013 oft versteckt, um die Fassade zu bewahren \u2013 w\u00e4hrend sie Wiens Skyline behutsam neu gestalteten. Die Frage ist, ob wir weiterhin strikt innerhalb dieser etablierten Muster bauen sollten oder gelegentlich davon abweichen, um wirklich neue Ideen entstehen zu lassen.<\/p>\n\n\n\n<h2 class=\"wp-block-heading\" id=\"h-rethinking-familiar-forms-the-role-of-human-scale-architecture\">Vertraute Formen neu denken: Die Rolle des menschlichen Ma\u00dfstabs in der Architektur<\/h2>\n\n\n\n<p>Eine bedeutungsvolle Architektur respektiert ihre Wurzeln, versteht die Gegenwart und wagt es, f\u00fcr die Zukunft zu bauen. Sie sollte f\u00fcr Generationen gestaltet werden, die sie eines Tages als ihre neue Normalit\u00e4t betrachten werden. Architekten m\u00fcssen sich vorstellen, was als N\u00e4chstes kommt \u2013 auch wenn diese Vision heute unbequem wirkt. Oft verbergen sich unkonventionelle Entw\u00fcrfe in aller \u00d6ffentlichkeit und definieren stillschweigend die k\u00fcnftige Version des menschlichen Ma\u00dfstabs neu.<\/p>\n\n\n\n<blockquote class=\"wp-block-quote is-layout-flow wp-block-quote-is-layout-flow\">\n<p>Neues Design ist nicht der Feind. Die eigentliche Aufgabe besteht darin zu zeigen, warum ein innovativer Ansatz wichtig ist und wie ein k\u00fchnes Konzept letztlich Teil unserer gemeinsamen Landschaft wird. Ein \u201eeingefrorener Zustand\u201c mag in ein Museum geh\u00f6ren, aber eine pulsierende Stadt sollte sich anpassen und neue Formen und Gestalten erkunden. \u2014 Robert Tomic<\/p>\n<\/blockquote>\n\n\n\n<p>K\u00f6nnten unsere kulturellen Gewohnheiten uns dazu verleiten, das Unvertraute eher mit Skepsis als mit Neugier zu betrachten? Klammern wir uns zu sehr an bekannte Referenzen und \u00fcbersehen subtilere Einsichten? In einer sich schnell ver\u00e4ndernden Welt besteht das eigentliche Ma\u00df des menschlichen Ma\u00dfstabs vielleicht darin, wie gut wir uns mit der Stadt um uns herum weiterentwickeln k\u00f6nnen \u2013 und das, was kommt, zu umarmen statt zu f\u00fcrchten. Die Frage bleibt: Spiegeln unsere Geb\u00e4ude und \u00f6ffentlichen R\u00e4ume das wider, was die Menschen wirklich brauchen, oder beruhigen sie uns einfach mit ihrer Vertrautheit?<\/p>\n\n\n\n<hr class=\"wp-block-separator has-alpha-channel-opacity\"\/>\n\n\n\n<h2 class=\"wp-block-heading\" id=\"h-visual-note\">Visuelle Notiz<\/h2>\n\n\n\n<p>Ich habe einige Fotos von Wiens traditioneller Skyline \u2013 der sogenannten \u201eDachlandschaft\u201c \u2013 zusammen mit neueren Geb\u00e4uden eingef\u00fcgt, um dieses fortlaufende Zusammenspiel zu veranschaulichen. Diese Aufnahmen stammen aus der Linse von Christian Lendl, der sich selbst als \u201eIngenieur im Herzen, Fotograf &amp; Filmemacher durch Zufall und Historiker aus Neugier\u201c beschreibt. Vielen Dank an Christian, dass er solche bemerkenswerten Szenen von Wien eingefangen hat \u2013 seine Arbeit erg\u00e4nzt perfekt die in diesem Artikel dargelegten Ideen.<\/p>","protected":false},"excerpt":{"rendered":"<p>In architecture, human scale architecture often shapes the most meaningful connections\u2014far beyond what visual impact alone can achieve. Subtle lighting, purposeful seating arrangements, and thoughtful colour synergies can set the stage for genuine human interaction\u2014rather than merely functioning as a standalone sculptural object. Human scale is not just a buzzword; it\u2019s about recognising that buildings [&hellip;]<\/p>\n","protected":false},"author":8,"featured_media":4861,"comment_status":"closed","ping_status":"closed","sticky":false,"template":"","format":"standard","meta":{"footnotes":""},"categories":[45],"tags":[],"class_list":["post-4857","post","type-post","status-publish","format-standard","has-post-thumbnail","hentry","category-logbuch"],"yoast_head":"<!-- This site is optimized with the Yoast SEO Premium plugin v26.9 (Yoast SEO v27.4) - https:\/\/yoast.com\/product\/yoast-seo-premium-wordpress\/ -->\n<title>Spaces That Spark Conversation: Human Scale Design<\/title>\n<meta name=\"description\" content=\"Discover how Human Scale Design shapes Vienna\u2019s evolving skyline. Explore empathy-driven design, time-honoured traditions, and bold new ideas.\" \/>\n<meta name=\"robots\" content=\"index, follow, max-snippet:-1, max-image-preview:large, max-video-preview:-1\" \/>\n<link rel=\"canonical\" href=\"https:\/\/tomic-han.com\/de\/logbuch\/spaces-that-spark-conversation-the-subtle-art-of-human-scale-design\/\" \/>\n<meta property=\"og:locale\" content=\"de_DE\" \/>\n<meta property=\"og:type\" content=\"article\" \/>\n<meta property=\"og:title\" content=\"Spaces That Spark Conversation: The Subtle Art of Human Scale Design\" \/>\n<meta property=\"og:description\" content=\"Discover how Human Scale Design shapes Vienna\u2019s evolving skyline. Explore empathy-driven design, time-honoured traditions, and bold new ideas.\" \/>\n<meta property=\"og:url\" content=\"https:\/\/tomic-han.com\/de\/logbuch\/spaces-that-spark-conversation-the-subtle-art-of-human-scale-design\/\" \/>\n<meta property=\"og:site_name\" content=\"THA\" \/>\n<meta property=\"article:published_time\" content=\"2025-04-06T19:02:11+00:00\" \/>\n<meta property=\"article:modified_time\" content=\"2025-04-06T21:02:47+00:00\" \/>\n<meta property=\"og:image\" content=\"https:\/\/tomic-han.com\/wp-content\/uploads\/2025\/04\/tha_robert-tomic_spaces-that-spark-conversation_b-scaled.jpg\" \/>\n\t<meta property=\"og:image:width\" content=\"2560\" \/>\n\t<meta property=\"og:image:height\" content=\"1440\" \/>\n\t<meta property=\"og:image:type\" content=\"image\/jpeg\" \/>\n<meta name=\"author\" content=\"Robert Tomi\u0107\" \/>\n<meta name=\"twitter:card\" content=\"summary_large_image\" \/>\n<meta name=\"twitter:label1\" content=\"Verfasst von\" \/>\n\t<meta name=\"twitter:data1\" content=\"Robert Tomi\u0107\" \/>\n\t<meta name=\"twitter:label2\" content=\"Gesch\u00e4tzte Lesezeit\" \/>\n\t<meta name=\"twitter:data2\" content=\"3 Minuten\" \/>\n<script type=\"application\/ld+json\" class=\"yoast-schema-graph\">{\"@context\":\"https:\\\/\\\/schema.org\",\"@graph\":[{\"@type\":\"Article\",\"@id\":\"https:\\\/\\\/tomic-han.com\\\/logbuch\\\/spaces-that-spark-conversation-the-subtle-art-of-human-scale-design\\\/#article\",\"isPartOf\":{\"@id\":\"https:\\\/\\\/tomic-han.com\\\/logbuch\\\/spaces-that-spark-conversation-the-subtle-art-of-human-scale-design\\\/\"},\"author\":{\"name\":\"Robert Tomi\u0107\",\"@id\":\"https:\\\/\\\/tomic-han.com\\\/#\\\/schema\\\/person\\\/b660d5ebfe0b36815887e51c69b5f4e2\"},\"headline\":\"Spaces That Spark Conversation: The Subtle Art of Human Scale Design\",\"datePublished\":\"2025-04-06T19:02:11+00:00\",\"dateModified\":\"2025-04-06T21:02:47+00:00\",\"mainEntityOfPage\":{\"@id\":\"https:\\\/\\\/tomic-han.com\\\/logbuch\\\/spaces-that-spark-conversation-the-subtle-art-of-human-scale-design\\\/\"},\"wordCount\":571,\"image\":{\"@id\":\"https:\\\/\\\/tomic-han.com\\\/logbuch\\\/spaces-that-spark-conversation-the-subtle-art-of-human-scale-design\\\/#primaryimage\"},\"thumbnailUrl\":\"https:\\\/\\\/tomic-han.com\\\/wp-content\\\/uploads\\\/2025\\\/04\\\/tha_robert-tomic_spaces-that-spark-conversation_b-scaled.jpg\",\"articleSection\":[\"logbuch\"],\"inLanguage\":\"de-AT\"},{\"@type\":\"WebPage\",\"@id\":\"https:\\\/\\\/tomic-han.com\\\/logbuch\\\/spaces-that-spark-conversation-the-subtle-art-of-human-scale-design\\\/\",\"url\":\"https:\\\/\\\/tomic-han.com\\\/logbuch\\\/spaces-that-spark-conversation-the-subtle-art-of-human-scale-design\\\/\",\"name\":\"Spaces That Spark Conversation: Human Scale Design\",\"isPartOf\":{\"@id\":\"https:\\\/\\\/tomic-han.com\\\/#website\"},\"primaryImageOfPage\":{\"@id\":\"https:\\\/\\\/tomic-han.com\\\/logbuch\\\/spaces-that-spark-conversation-the-subtle-art-of-human-scale-design\\\/#primaryimage\"},\"image\":{\"@id\":\"https:\\\/\\\/tomic-han.com\\\/logbuch\\\/spaces-that-spark-conversation-the-subtle-art-of-human-scale-design\\\/#primaryimage\"},\"thumbnailUrl\":\"https:\\\/\\\/tomic-han.com\\\/wp-content\\\/uploads\\\/2025\\\/04\\\/tha_robert-tomic_spaces-that-spark-conversation_b-scaled.jpg\",\"datePublished\":\"2025-04-06T19:02:11+00:00\",\"dateModified\":\"2025-04-06T21:02:47+00:00\",\"author\":{\"@id\":\"https:\\\/\\\/tomic-han.com\\\/#\\\/schema\\\/person\\\/b660d5ebfe0b36815887e51c69b5f4e2\"},\"description\":\"Discover how Human Scale Design shapes Vienna\u2019s evolving skyline. Explore empathy-driven design, time-honoured traditions, and bold new ideas.\",\"breadcrumb\":{\"@id\":\"https:\\\/\\\/tomic-han.com\\\/logbuch\\\/spaces-that-spark-conversation-the-subtle-art-of-human-scale-design\\\/#breadcrumb\"},\"inLanguage\":\"de-AT\",\"potentialAction\":[{\"@type\":\"ReadAction\",\"target\":[\"https:\\\/\\\/tomic-han.com\\\/logbuch\\\/spaces-that-spark-conversation-the-subtle-art-of-human-scale-design\\\/\"]}]},{\"@type\":\"ImageObject\",\"inLanguage\":\"de-AT\",\"@id\":\"https:\\\/\\\/tomic-han.com\\\/logbuch\\\/spaces-that-spark-conversation-the-subtle-art-of-human-scale-design\\\/#primaryimage\",\"url\":\"https:\\\/\\\/tomic-han.com\\\/wp-content\\\/uploads\\\/2025\\\/04\\\/tha_robert-tomic_spaces-that-spark-conversation_b-scaled.jpg\",\"contentUrl\":\"https:\\\/\\\/tomic-han.com\\\/wp-content\\\/uploads\\\/2025\\\/04\\\/tha_robert-tomic_spaces-that-spark-conversation_b-scaled.jpg\",\"width\":2560,\"height\":1440,\"caption\":\"A quiet moment over coffee, discussing how human scale influences architecture and the way we shape cities.\"},{\"@type\":\"BreadcrumbList\",\"@id\":\"https:\\\/\\\/tomic-han.com\\\/logbuch\\\/spaces-that-spark-conversation-the-subtle-art-of-human-scale-design\\\/#breadcrumb\",\"itemListElement\":[{\"@type\":\"ListItem\",\"position\":1,\"name\":\"Home\",\"item\":\"https:\\\/\\\/tomic-han.com\\\/\"},{\"@type\":\"ListItem\",\"position\":2,\"name\":\"Spaces That Spark Conversation: The Subtle Art of Human Scale Design\"}]},{\"@type\":\"WebSite\",\"@id\":\"https:\\\/\\\/tomic-han.com\\\/#website\",\"url\":\"https:\\\/\\\/tomic-han.com\\\/\",\"name\":\"THA\",\"description\":\"shape your space with care\",\"potentialAction\":[{\"@type\":\"SearchAction\",\"target\":{\"@type\":\"EntryPoint\",\"urlTemplate\":\"https:\\\/\\\/tomic-han.com\\\/?s={search_term_string}\"},\"query-input\":{\"@type\":\"PropertyValueSpecification\",\"valueRequired\":true,\"valueName\":\"search_term_string\"}}],\"inLanguage\":\"de-AT\"},{\"@type\":\"Person\",\"@id\":\"https:\\\/\\\/tomic-han.com\\\/#\\\/schema\\\/person\\\/b660d5ebfe0b36815887e51c69b5f4e2\",\"name\":\"Robert Tomi\u0107\",\"image\":{\"@type\":\"ImageObject\",\"inLanguage\":\"de-AT\",\"@id\":\"https:\\\/\\\/tomic-han.com\\\/wp-content\\\/uploads\\\/2025\\\/03\\\/robert-tomic_avatar-96x96.jpeg\",\"url\":\"https:\\\/\\\/tomic-han.com\\\/wp-content\\\/uploads\\\/2025\\\/03\\\/robert-tomic_avatar-96x96.jpeg\",\"contentUrl\":\"https:\\\/\\\/tomic-han.com\\\/wp-content\\\/uploads\\\/2025\\\/03\\\/robert-tomic_avatar-96x96.jpeg\",\"caption\":\"Robert Tomi\u0107\"},\"description\":\"Licensed Architect in Austria\\\/EU | Ziviltechniker | Founding Partner at THA\",\"sameAs\":[\"https:\\\/\\\/tomic-han.com\\\/rot\\\/\"],\"url\":\"https:\\\/\\\/tomic-han.com\\\/de\\\/author\\\/rot\\\/\"}]}<\/script>\n<!-- \/ Yoast SEO Premium plugin. -->","yoast_head_json":{"title":"Spaces That Spark Conversation: Human Scale Design","description":"Discover how Human Scale Design shapes Vienna\u2019s evolving skyline. Explore empathy-driven design, time-honoured traditions, and bold new ideas.","robots":{"index":"index","follow":"follow","max-snippet":"max-snippet:-1","max-image-preview":"max-image-preview:large","max-video-preview":"max-video-preview:-1"},"canonical":"https:\/\/tomic-han.com\/de\/logbuch\/spaces-that-spark-conversation-the-subtle-art-of-human-scale-design\/","og_locale":"de_DE","og_type":"article","og_title":"Spaces That Spark Conversation: The Subtle Art of Human Scale Design","og_description":"Discover how Human Scale Design shapes Vienna\u2019s evolving skyline. Explore empathy-driven design, time-honoured traditions, and bold new ideas.","og_url":"https:\/\/tomic-han.com\/de\/logbuch\/spaces-that-spark-conversation-the-subtle-art-of-human-scale-design\/","og_site_name":"THA","article_published_time":"2025-04-06T19:02:11+00:00","article_modified_time":"2025-04-06T21:02:47+00:00","og_image":[{"width":2560,"height":1440,"url":"https:\/\/tomic-han.com\/wp-content\/uploads\/2025\/04\/tha_robert-tomic_spaces-that-spark-conversation_b-scaled.jpg","type":"image\/jpeg"}],"author":"Robert Tomi\u0107","twitter_card":"summary_large_image","twitter_misc":{"Verfasst von":"Robert Tomi\u0107","Gesch\u00e4tzte Lesezeit":"3 Minuten"},"schema":{"@context":"https:\/\/schema.org","@graph":[{"@type":"Article","@id":"https:\/\/tomic-han.com\/logbuch\/spaces-that-spark-conversation-the-subtle-art-of-human-scale-design\/#article","isPartOf":{"@id":"https:\/\/tomic-han.com\/logbuch\/spaces-that-spark-conversation-the-subtle-art-of-human-scale-design\/"},"author":{"name":"Robert Tomi\u0107","@id":"https:\/\/tomic-han.com\/#\/schema\/person\/b660d5ebfe0b36815887e51c69b5f4e2"},"headline":"Spaces That Spark Conversation: The Subtle Art of Human Scale Design","datePublished":"2025-04-06T19:02:11+00:00","dateModified":"2025-04-06T21:02:47+00:00","mainEntityOfPage":{"@id":"https:\/\/tomic-han.com\/logbuch\/spaces-that-spark-conversation-the-subtle-art-of-human-scale-design\/"},"wordCount":571,"image":{"@id":"https:\/\/tomic-han.com\/logbuch\/spaces-that-spark-conversation-the-subtle-art-of-human-scale-design\/#primaryimage"},"thumbnailUrl":"https:\/\/tomic-han.com\/wp-content\/uploads\/2025\/04\/tha_robert-tomic_spaces-that-spark-conversation_b-scaled.jpg","articleSection":["logbuch"],"inLanguage":"de-AT"},{"@type":"WebPage","@id":"https:\/\/tomic-han.com\/logbuch\/spaces-that-spark-conversation-the-subtle-art-of-human-scale-design\/","url":"https:\/\/tomic-han.com\/logbuch\/spaces-that-spark-conversation-the-subtle-art-of-human-scale-design\/","name":"Spaces That Spark Conversation: Human Scale Design","isPartOf":{"@id":"https:\/\/tomic-han.com\/#website"},"primaryImageOfPage":{"@id":"https:\/\/tomic-han.com\/logbuch\/spaces-that-spark-conversation-the-subtle-art-of-human-scale-design\/#primaryimage"},"image":{"@id":"https:\/\/tomic-han.com\/logbuch\/spaces-that-spark-conversation-the-subtle-art-of-human-scale-design\/#primaryimage"},"thumbnailUrl":"https:\/\/tomic-han.com\/wp-content\/uploads\/2025\/04\/tha_robert-tomic_spaces-that-spark-conversation_b-scaled.jpg","datePublished":"2025-04-06T19:02:11+00:00","dateModified":"2025-04-06T21:02:47+00:00","author":{"@id":"https:\/\/tomic-han.com\/#\/schema\/person\/b660d5ebfe0b36815887e51c69b5f4e2"},"description":"Discover how Human Scale Design shapes Vienna\u2019s evolving skyline. Explore empathy-driven design, time-honoured traditions, and bold new ideas.","breadcrumb":{"@id":"https:\/\/tomic-han.com\/logbuch\/spaces-that-spark-conversation-the-subtle-art-of-human-scale-design\/#breadcrumb"},"inLanguage":"de-AT","potentialAction":[{"@type":"ReadAction","target":["https:\/\/tomic-han.com\/logbuch\/spaces-that-spark-conversation-the-subtle-art-of-human-scale-design\/"]}]},{"@type":"ImageObject","inLanguage":"de-AT","@id":"https:\/\/tomic-han.com\/logbuch\/spaces-that-spark-conversation-the-subtle-art-of-human-scale-design\/#primaryimage","url":"https:\/\/tomic-han.com\/wp-content\/uploads\/2025\/04\/tha_robert-tomic_spaces-that-spark-conversation_b-scaled.jpg","contentUrl":"https:\/\/tomic-han.com\/wp-content\/uploads\/2025\/04\/tha_robert-tomic_spaces-that-spark-conversation_b-scaled.jpg","width":2560,"height":1440,"caption":"A quiet moment over coffee, discussing how human scale influences architecture and the way we shape cities."},{"@type":"BreadcrumbList","@id":"https:\/\/tomic-han.com\/logbuch\/spaces-that-spark-conversation-the-subtle-art-of-human-scale-design\/#breadcrumb","itemListElement":[{"@type":"ListItem","position":1,"name":"Home","item":"https:\/\/tomic-han.com\/"},{"@type":"ListItem","position":2,"name":"Spaces That Spark Conversation: The Subtle Art of Human Scale Design"}]},{"@type":"WebSite","@id":"https:\/\/tomic-han.com\/#website","url":"https:\/\/tomic-han.com\/","name":"THA","description":"shape your space with care","potentialAction":[{"@type":"SearchAction","target":{"@type":"EntryPoint","urlTemplate":"https:\/\/tomic-han.com\/?s={search_term_string}"},"query-input":{"@type":"PropertyValueSpecification","valueRequired":true,"valueName":"search_term_string"}}],"inLanguage":"de-AT"},{"@type":"Person","@id":"https:\/\/tomic-han.com\/#\/schema\/person\/b660d5ebfe0b36815887e51c69b5f4e2","name":"Robert Tomi\u0107","image":{"@type":"ImageObject","inLanguage":"de-AT","@id":"https:\/\/tomic-han.com\/wp-content\/uploads\/2025\/03\/robert-tomic_avatar-96x96.jpeg","url":"https:\/\/tomic-han.com\/wp-content\/uploads\/2025\/03\/robert-tomic_avatar-96x96.jpeg","contentUrl":"https:\/\/tomic-han.com\/wp-content\/uploads\/2025\/03\/robert-tomic_avatar-96x96.jpeg","caption":"Robert Tomi\u0107"},"description":"Staatlich befugter und beeideter Ziviltechniker (Architekt) in \u00d6sterreich\/EU | Ziviltechniker | Gr\u00fcndungspartner von THA","sameAs":["https:\/\/tomic-han.com\/rot\/"],"url":"https:\/\/tomic-han.com\/de\/author\/rot\/"}]}},"_links":{"self":[{"href":"https:\/\/tomic-han.com\/de\/wp-json\/wp\/v2\/posts\/4857","targetHints":{"allow":["GET"]}}],"collection":[{"href":"https:\/\/tomic-han.com\/de\/wp-json\/wp\/v2\/posts"}],"about":[{"href":"https:\/\/tomic-han.com\/de\/wp-json\/wp\/v2\/types\/post"}],"author":[{"embeddable":true,"href":"https:\/\/tomic-han.com\/de\/wp-json\/wp\/v2\/users\/8"}],"replies":[{"embeddable":true,"href":"https:\/\/tomic-han.com\/de\/wp-json\/wp\/v2\/comments?post=4857"}],"version-history":[{"count":0,"href":"https:\/\/tomic-han.com\/de\/wp-json\/wp\/v2\/posts\/4857\/revisions"}],"wp:featuredmedia":[{"embeddable":true,"href":"https:\/\/tomic-han.com\/de\/wp-json\/wp\/v2\/media\/4861"}],"wp:attachment":[{"href":"https:\/\/tomic-han.com\/de\/wp-json\/wp\/v2\/media?parent=4857"}],"wp:term":[{"taxonomy":"category","embeddable":true,"href":"https:\/\/tomic-han.com\/de\/wp-json\/wp\/v2\/categories?post=4857"},{"taxonomy":"post_tag","embeddable":true,"href":"https:\/\/tomic-han.com\/de\/wp-json\/wp\/v2\/tags?post=4857"}],"curies":[{"name":"wp","href":"https:\/\/api.w.org\/{rel}","templated":true}]}}