{"id":3852,"date":"2025-03-05T19:00:54","date_gmt":"2025-03-05T19:00:54","guid":{"rendered":"https:\/\/tomic-han.com\/?p=3852"},"modified":"2025-03-13T19:02:38","modified_gmt":"2025-03-13T19:02:38","slug":"the-silent-crisis-in-architecture","status":"publish","type":"post","link":"https:\/\/tomic-han.com\/de\/logbuch\/the-silent-crisis-in-architecture\/","title":{"rendered":"Die stille Krise der Architektur: Wer gestaltet, wer baut \u2013 und wer f\u00fchrt?"},"content":{"rendered":"<h2 class=\"wp-block-heading\" id=\"h-the-unspoken-shift-in-architectural-authority\">Der unausgesprochene Wandel in der architektonischen Autorit\u00e4t<\/h2>\n\n\n\n<p>Die Architekturwelt entwickelt sich schneller als je zuvor \u2013 Digitalisierung, Nachhaltigkeit und Innovation ver\u00e4ndern unsere Art zu entwerfen und zu bauen. Doch mit diesem rasanten Fortschritt bahnt sich eine stille Krise in der Architektur an: Sind Architekt:innen noch die wahren Gestalter oder sind wir zu Anh\u00e4ngern von Bauvorgaben und digitalen Werkzeugen geworden?<\/p>\n\n\n\n<p>Wir erleben einen unausgesprochenen Krieg zwischen Digitalisierung und Ausf\u00fchrung. Es ist ein Wettbewerb zwischen Architekt:innen und Bauleuten darum, wer ein Geb\u00e4ude wirklich zuerst errichtet \u2013 die Architekt:innen in der digitalen Welt oder die Bauleute im physischen Raum. Da jedes Projekt inzwischen zweimal existiert \u2013 einmal als hyperdetaillierter digitaler Zwilling und einmal in der realen Welt \u2013 finden wir uns in einem Paradoxon wieder. Wir sind hin- und hergerissen zwischen dem Streben nach Perfektion im virtuellen Reich und den Zw\u00e4ngen der physischen Ausf\u00fchrung. Die Frage ist nicht mehr, ob Architekt:innen Geb\u00e4ude formen. Vielmehr geht es darum, ob Geb\u00e4ude zunehmend von den Werkzeugen geformt werden, die wir verwenden.<\/p>\n\n\n\n<p>Die Dominanz softwaregesteuerten Designs wirft die beunruhigende M\u00f6glichkeit auf, dass Architekt:innen sich zur\u00fcckziehen. Sie k\u00f6nnten die Kontrolle an die in digitalen Prozessen eingebetteten Parameter und Beschr\u00e4nkungen abgeben. Unterdessen dr\u00e4ngt sich der Bau, statt einer Gestaltungsvision zu folgen, als die wahre treibende Kraft hinter der architektonischen Form in den Vordergrund.<\/p>\n\n\n\n<h2 class=\"wp-block-heading\" id=\"h-blurring-the-line-between-designer-and-builder\">Die Grenze zwischen Entwerfer:innen und Bauenden verschwimmt<\/h2>\n\n\n\n<p>Vielleicht liegt das Problem nicht darin, wer die Rolle des Architekten oder des Bauherrn innehat. Vielmehr geht es darum, ob die grundlegenden Funktionen des Entwerfens und Bauens im Gleichgewicht bleiben. Heute verwischen sich diese Funktionen, absorbieren und definieren neu \u2013 nicht unbedingt von den Personen oder B\u00fcros, die diese Titel tragen, sondern durch die Kr\u00e4fte, die die Branche pr\u00e4gen. Diese Transformation steht im Zentrum der stillen Krise in der Architektur. Ein Bauleiter, der digitale Werkzeuge nutzt, kann unabsichtlich zum Designer werden. Gleichzeitig kann ein Architekt, der sich den Bauvorschriften unterordnet, zum reinen Techniker werden. Die stille Krise in der Architektur dreht sich nicht um die Namen, die wir vergeben. Vielmehr geht es um die Verantwortung, die wir \u00fcbernehmen.<\/p>\n\n\n\n<p>Architekt:innen entwarfen einst mit einem tiefen Bewusstsein f\u00fcr die F\u00e4higkeiten der Baumeister. Sie arbeiteten eng zusammen statt im Wettbewerb.<\/p>\n\n\n\n<p>Architektur ist eine Kunst, die sich in gestalteten Raum verwandelt und die Umgebungen formt, die wir bewohnen. Doch Kunst ohne Transformation bleibt eine Idee. Sie wird nicht zu Geb\u00e4uden, Landschaften oder Infrastruktur, wenn sie niemand ausf\u00fchrt. Wird die Ausf\u00fchrung zum alleinigen Schwerpunkt, wird Architektur zu reiner technischer Probleml\u00f6sung. Sie verliert ihren wesentlichen k\u00fcnstlerischen und kulturellen Sinn.<\/p>\n\n\n\n<p>Ohne Emotion, ohne Erz\u00e4hlung und ohne intellektuelle Grundlage h\u00f6rt Architektur auf, Architektur zu sein. Und wenn die Architektur ihre Integrit\u00e4t verliert, verlieren wir Menschen etwas viel Gr\u00f6\u00dferes \u2013 Kultur, Identit\u00e4t, Kreativit\u00e4t, Inspiration und genau jene Herausforderungen, die uns antreiben. Architektur ist von Natur aus menschlich. Sie existiert nicht f\u00fcr Roboter oder Maschinen. Sie ist ein Konstrukt, das uns dient und die Art und Weise pr\u00e4gt, wie wir leben, uns bewegen und die Welt erleben. Wir m\u00fcssen Architekt:innen oder Bauende nicht als Individuen sch\u00fctzen. Aber wir m\u00fcssen die Architektur selbst verteidigen. Vers\u00e4umen wir dies, riskieren wir, ihren Zweck zu untergraben.<\/p>\n\n\n\n<h2 class=\"wp-block-heading\" id=\"h-architecture-under-pressure-who-leads-the-process\">Architektur unter Druck: Wer f\u00fchrt den Prozess?<\/h2>\n\n\n\n<p>Heute pr\u00e4gen Bau- und Ressourcenverf\u00fcgbarkeit die Entscheidungsfindung in der Gestaltung mehr denn je. Die Frage ist nicht mehr, warum etwas wie geplant gebaut werden sollte, sondern ob es \u00fcberhaupt gebaut werden kann. Die Diskussion hat sich verschoben \u2013 wir streiten nicht mehr \u00fcber die Integrit\u00e4t eines Entwurfs, sondern dar\u00fcber, ob die Ressourcen seine Verwirklichung zulassen. W\u00e4hrend Architekt:innen im expandierenden digitalen Raum gefangen bleiben, schreitet der Bau in der Realit\u00e4t voran \u2013 eines der deutlichsten Symptome der stillen Krise in der Architektur. Baufirmen bringen Projekte zum Abschluss, bevor Architekt:innen ihre virtuellen Entw\u00fcrfe \u00fcberhaupt fertiggestellt haben. Diese Umkehrung wirft eine beunruhigende Frage auf: Wer f\u00fchrt den Prozess? Haben wir schlicht akzeptiert, dass Architektur als Baukunst nicht mehr dieselbe Relevanz besitzt?<\/p>\n\n\n\n<p>\u00dcberall treten Paradoxien auf. Das Problem der doppelten Realit\u00e4t ist zu einem definierenden Thema der stillen Krise in der Architektur geworden \u2013 was ist das wahre Geb\u00e4ude, das im digitalen Zwilling oder das in der physischen Realit\u00e4t? Und stimmen sie jemals wirklich \u00fcberein? Bei Gro\u00dfprojekten wird die L\u00fccke zwischen beiden immer gr\u00f6\u00dfer. Einerseits nutzen Beh\u00f6rden, Entwickler und Facility Manager digitale Zwillinge, um vorausschauende Wartung, langfristige Planung und Effizienz zu erm\u00f6glichen. Andererseits erfordert die digitale Existenz des Geb\u00e4udes gleichzeitig Wartung, Erweiterung und st\u00e4ndige \u00dcberwachung.<\/p>\n\n\n\n<p>Diese Verschiebung legt mehr Verantwortung auf Architekt:innen, Bauende und Eigent\u00fcmer \u2013 oft ohne klares Verst\u00e4ndnis daf\u00fcr, was diese neue Rolle mit sich bringt. Viele Architekt:innen k\u00e4mpfen damit, den Anforderungen eines Berufsstandes gerecht zu werden, der sich schneller entwickelt, als seine Praktizierenden sich anpassen k\u00f6nnen. Und wenn Erwartungen die Machbarkeit \u00fcberholen, gibt es nur eine nat\u00fcrliche Folge \u2013 ein Qualit\u00e4tsverlust.<\/p>\n\n\n\n<h2 class=\"wp-block-heading\" id=\"h-the-automation-trap-are-we-designing-for-machines\">Die Automatisierungsfalle: Entwerfen wir f\u00fcr Maschinen?<\/h2>\n\n\n\n<p>Die Reaktion auf diese \u00dcberlastung ist vorhersehbar: Automatisierung, Algorithmen und KI-gesteuerte Entwurfsprozesse \u00fcberbr\u00fccken die L\u00fccke mehr denn je. Doch damit beschleunigen sie auch die stille Krise in der Architektur, denn die Kontrolle verlagert sich von Architekt:innen auf Computer.<\/p>\n\n\n\n<p>Diese Verschiebung ist \u00fcberall sichtbar. Bauunternehmen optimieren die Effizienz, indem sie modulare Systeme standardisieren, und zwingen Architekt:innen, ihre Entw\u00fcrfe an vorgefertigte M\u00f6glichkeiten anzupassen. Das an sich ist nicht neu \u2013 Architektur hat sich stets an die Grenzen der Materialproduktion angepasst. Heute jedoch ist der limitierende Faktor nicht mehr nur das Produkt, sondern das Werkzeug selbst. Zunehmend folgen Geb\u00e4ude dem, was Software effizient verarbeiten kann, was Skripte leicht bew\u00e4ltigen und was Vorschriften Algorithmen zu interpretieren erlauben.<\/p>\n\n\n\n<p>Gesetzgeber schreiben den rechtlichen Rahmen nicht f\u00fcr menschliches Verst\u00e4ndnis um, sondern um maschinenlesbare Logik zu ber\u00fccksichtigen. Dasselbe geschieht im Entwurf selbst. Der Druck, schneller zu produzieren und eine konstante digitale Pr\u00e4senz aufrechtzuerhalten, zwingt Architekt:innen, sich auf parametrische Systeme zu verlassen, die wiederum ihre kreativen Entscheidungen pr\u00e4gen. Mehr und mehr wird Architektur nicht von dem definiert, was wir uns vorstellen, sondern von dem, was der Algorithmus berechnen kann.<\/p>\n\n\n\n<p>Das l\u00e4sst sich mit einer Architektin oder einem Architekten vergleichen, die oder der komplexe organische Formen meidet \u2013 nicht aus Mangel an Kreativit\u00e4t, sondern weil parametrische Werkzeuge es nicht erlauben, diese innerhalb der vorgegebenen Fristen effizient zu modellieren. Diese Krise findet auf Branchenebene statt. Wir gestalten unsere gebaute Umwelt nicht aus \u00e4sthetischen, funktionalen oder kulturellen Gr\u00fcnden neu, sondern wegen der wachsenden Dominanz automatisierter Entwurfsprozesse.<\/p>\n\n\n\n<h2 class=\"wp-block-heading\" id=\"h-from-crisis-to-opportunity-the-rise-of-a-second-architecture\">Von der Krise zur Chance: Der Aufstieg einer zweiten Architektur<\/h2>\n\n\n\n<p>Gleichzeitig m\u00fcssen wir das Entstehen einer zweiten Architektur anerkennen \u2013 der Architektur des digitalen Raums. Die Frage lautet: Wie viele unserer Ressourcen sollen wir dieser zweiten Existenz widmen? Sind wir bereit f\u00fcr die wirtschaftlichen und geistigen Kosten, die mit der Pflege eines digitalen Zwillings lange nach der Fertigstellung eines Geb\u00e4udes einhergehen? So wie das Internet, einst ein optionaler Dienst, zu einem unverzichtbaren Teil des t\u00e4glichen Lebens geworden ist, werden digitale Zwillinge wahrscheinlich zu einem unvermeidlichen Bestandteil der Architektur. Aber haben wir die Kosten \u2013 sowohl kreativ als auch wirtschaftlich \u2013 des stillen R\u00fcckzugs der Architektur wirklich anerkannt?<\/p>\n\n\n\n<p>Unsere Geb\u00e4ude und St\u00e4dte werden einander immer \u00e4hnlicher, nicht unbedingt wegen einer gemeinsamen menschlichen Vision, sondern aufgrund standardisierter Vorschriften, Nachhaltigkeitsauflagen, Beschr\u00e4nkungen digitaler Werkzeuge und computergest\u00fctzter Logik. Was wir in diesem Wandel verlieren, ist Vielfalt \u2013 nicht nur der Form, sondern auch des Denkens, der Absicht, der Bedeutung.<\/p>\n\n\n\n<h2 class=\"wp-block-heading\" id=\"h-the-final-question-evolution-or-mistake\">Die letzte Frage: Evolution oder Irrtum?<\/h2>\n\n\n\n<p>Und so kehren wir zur Frage zur\u00fcck: Machen wir die Architektur wirklich effizienter, oder schaffen wir unn\u00f6tige Komplexit\u00e4t? Die Zeit wird der einzige wirkliche Erz\u00e4hler sein. Sie wird zeigen, ob diese Transformation eine Evolution oder ein Irrtum war, ob wir unser Handwerk verbessert oder uns von seinem Wesen entfernt haben. Erst dann werden wir die Folgen der stillen Krise in der Architektur vollst\u00e4ndig begreifen.<\/p>\n\n\n\n<p>Architecture has always evolved\u2014it must. The emergence of digital twins is not the future; it is already the present. But what we must realise is that the silent crisis in architecture has brought a shift in the balance\u2014responsibilities, workloads, and creative autonomy have been quietly redistributed. The question is no longer if we accept this shift, but how we respond to it.<\/p>\n\n\n\n<p>Wenn Architektur zu einer losgel\u00f6sten \u00dcbung in digitaler Perfektion ohne Bezug zur materiellen Realit\u00e4t wird oder wenn die Ausf\u00fchrung den Entwurf diktiert, statt ihn umzusetzen, was erschaffen wir dann eigentlich? Und wer f\u00fchrt am Ende die Architektur?<\/p>\n\n\n\n<p>Die Geb\u00e4ude, die wir hinterlassen, werden uns die Antwort darauf geben.<\/p>","protected":false},"excerpt":{"rendered":"<p>Are we designing for reuse\u2014or just mitigating waste? Too often, materials are permanently bonded, making reuse impossible. But what if we designed every element to be detachable and reconfigurable from the start?<\/p>","protected":false},"author":8,"featured_media":3854,"comment_status":"closed","ping_status":"closed","sticky":false,"template":"","format":"standard","meta":{"footnotes":""},"categories":[45],"tags":[],"class_list":["post-3852","post","type-post","status-publish","format-standard","has-post-thumbnail","hentry","category-logbuch"],"yoast_head":"<!-- This site is optimized with the Yoast SEO Premium plugin v26.9 (Yoast SEO v27.4) - https:\/\/yoast.com\/product\/yoast-seo-premium-wordpress\/ -->\n<title>The Silent Crisis in Architecture | Who Designs &amp; Builds?<\/title>\n<meta name=\"description\" content=\"Who truly shapes our built environment? From designers to policymakers, discover the forces behind the silent crisis in architecture.\" \/>\n<meta name=\"robots\" content=\"index, follow, max-snippet:-1, max-image-preview:large, max-video-preview:-1\" \/>\n<link rel=\"canonical\" href=\"https:\/\/tomic-han.com\/de\/logbuch\/the-silent-crisis-in-architecture\/\" \/>\n<meta property=\"og:locale\" content=\"de_DE\" \/>\n<meta property=\"og:type\" content=\"article\" \/>\n<meta property=\"og:title\" content=\"The Silent Crisis in Architecture: Who Designs, Who Builds, and Who Leads?\" \/>\n<meta property=\"og:description\" content=\"Who truly shapes our built environment? From designers to policymakers, discover the forces behind the silent crisis in architecture.\" \/>\n<meta property=\"og:url\" content=\"https:\/\/tomic-han.com\/de\/logbuch\/the-silent-crisis-in-architecture\/\" \/>\n<meta property=\"og:site_name\" content=\"THA\" \/>\n<meta property=\"article:published_time\" content=\"2025-03-05T19:00:54+00:00\" \/>\n<meta property=\"article:modified_time\" content=\"2025-03-13T19:02:38+00:00\" \/>\n<meta property=\"og:image\" content=\"https:\/\/tomic-han.com\/wp-content\/uploads\/2025\/03\/jon-del-rivero-AjF5fv4-a2U-unsplash-scaled.jpg\" \/>\n\t<meta property=\"og:image:width\" content=\"2560\" \/>\n\t<meta property=\"og:image:height\" content=\"1714\" \/>\n\t<meta property=\"og:image:type\" content=\"image\/jpeg\" \/>\n<meta name=\"author\" content=\"Robert Tomi\u0107\" \/>\n<meta name=\"twitter:card\" content=\"summary_large_image\" \/>\n<meta name=\"twitter:label1\" content=\"Verfasst von\" \/>\n\t<meta name=\"twitter:data1\" content=\"Robert Tomi\u0107\" \/>\n\t<meta name=\"twitter:label2\" content=\"Gesch\u00e4tzte Lesezeit\" \/>\n\t<meta name=\"twitter:data2\" content=\"7 Minuten\" \/>\n<script type=\"application\/ld+json\" class=\"yoast-schema-graph\">{\"@context\":\"https:\\\/\\\/schema.org\",\"@graph\":[{\"@type\":\"Article\",\"@id\":\"https:\\\/\\\/tomic-han.com\\\/logbuch\\\/the-silent-crisis-in-architecture\\\/#article\",\"isPartOf\":{\"@id\":\"https:\\\/\\\/tomic-han.com\\\/logbuch\\\/the-silent-crisis-in-architecture\\\/\"},\"author\":{\"name\":\"Robert Tomi\u0107\",\"@id\":\"https:\\\/\\\/tomic-han.com\\\/#\\\/schema\\\/person\\\/b660d5ebfe0b36815887e51c69b5f4e2\"},\"headline\":\"The Silent Crisis in Architecture: Who Designs, Who Builds, and Who Leads?\",\"datePublished\":\"2025-03-05T19:00:54+00:00\",\"dateModified\":\"2025-03-13T19:02:38+00:00\",\"mainEntityOfPage\":{\"@id\":\"https:\\\/\\\/tomic-han.com\\\/logbuch\\\/the-silent-crisis-in-architecture\\\/\"},\"wordCount\":1420,\"image\":{\"@id\":\"https:\\\/\\\/tomic-han.com\\\/logbuch\\\/the-silent-crisis-in-architecture\\\/#primaryimage\"},\"thumbnailUrl\":\"https:\\\/\\\/tomic-han.com\\\/wp-content\\\/uploads\\\/2025\\\/03\\\/jon-del-rivero-AjF5fv4-a2U-unsplash-scaled.jpg\",\"articleSection\":[\"logbuch\"],\"inLanguage\":\"de-AT\"},{\"@type\":\"WebPage\",\"@id\":\"https:\\\/\\\/tomic-han.com\\\/logbuch\\\/the-silent-crisis-in-architecture\\\/\",\"url\":\"https:\\\/\\\/tomic-han.com\\\/logbuch\\\/the-silent-crisis-in-architecture\\\/\",\"name\":\"The Silent Crisis in Architecture | Who Designs & Builds?\",\"isPartOf\":{\"@id\":\"https:\\\/\\\/tomic-han.com\\\/#website\"},\"primaryImageOfPage\":{\"@id\":\"https:\\\/\\\/tomic-han.com\\\/logbuch\\\/the-silent-crisis-in-architecture\\\/#primaryimage\"},\"image\":{\"@id\":\"https:\\\/\\\/tomic-han.com\\\/logbuch\\\/the-silent-crisis-in-architecture\\\/#primaryimage\"},\"thumbnailUrl\":\"https:\\\/\\\/tomic-han.com\\\/wp-content\\\/uploads\\\/2025\\\/03\\\/jon-del-rivero-AjF5fv4-a2U-unsplash-scaled.jpg\",\"datePublished\":\"2025-03-05T19:00:54+00:00\",\"dateModified\":\"2025-03-13T19:02:38+00:00\",\"author\":{\"@id\":\"https:\\\/\\\/tomic-han.com\\\/#\\\/schema\\\/person\\\/b660d5ebfe0b36815887e51c69b5f4e2\"},\"description\":\"Who truly shapes our built environment? From designers to policymakers, discover the forces behind the silent crisis in architecture.\",\"breadcrumb\":{\"@id\":\"https:\\\/\\\/tomic-han.com\\\/logbuch\\\/the-silent-crisis-in-architecture\\\/#breadcrumb\"},\"inLanguage\":\"de-AT\",\"potentialAction\":[{\"@type\":\"ReadAction\",\"target\":[\"https:\\\/\\\/tomic-han.com\\\/logbuch\\\/the-silent-crisis-in-architecture\\\/\"]}]},{\"@type\":\"ImageObject\",\"inLanguage\":\"de-AT\",\"@id\":\"https:\\\/\\\/tomic-han.com\\\/logbuch\\\/the-silent-crisis-in-architecture\\\/#primaryimage\",\"url\":\"https:\\\/\\\/tomic-han.com\\\/wp-content\\\/uploads\\\/2025\\\/03\\\/jon-del-rivero-AjF5fv4-a2U-unsplash-scaled.jpg\",\"contentUrl\":\"https:\\\/\\\/tomic-han.com\\\/wp-content\\\/uploads\\\/2025\\\/03\\\/jon-del-rivero-AjF5fv4-a2U-unsplash-scaled.jpg\",\"width\":2560,\"height\":1714,\"caption\":\"A sea of swimmers battling currents\u2014an analogy for architects navigating the silent crisis in architecture. As digitalisation and construction constraints reshape the industry, who is truly leading the process? \ud83d\udcf7 Jon del Rivero \\\/ Unsplash.\"},{\"@type\":\"BreadcrumbList\",\"@id\":\"https:\\\/\\\/tomic-han.com\\\/logbuch\\\/the-silent-crisis-in-architecture\\\/#breadcrumb\",\"itemListElement\":[{\"@type\":\"ListItem\",\"position\":1,\"name\":\"Home\",\"item\":\"https:\\\/\\\/tomic-han.com\\\/\"},{\"@type\":\"ListItem\",\"position\":2,\"name\":\"The Silent Crisis in Architecture: Who Designs, Who Builds, and Who Leads?\"}]},{\"@type\":\"WebSite\",\"@id\":\"https:\\\/\\\/tomic-han.com\\\/#website\",\"url\":\"https:\\\/\\\/tomic-han.com\\\/\",\"name\":\"THA\",\"description\":\"shape your space with care\",\"potentialAction\":[{\"@type\":\"SearchAction\",\"target\":{\"@type\":\"EntryPoint\",\"urlTemplate\":\"https:\\\/\\\/tomic-han.com\\\/?s={search_term_string}\"},\"query-input\":{\"@type\":\"PropertyValueSpecification\",\"valueRequired\":true,\"valueName\":\"search_term_string\"}}],\"inLanguage\":\"de-AT\"},{\"@type\":\"Person\",\"@id\":\"https:\\\/\\\/tomic-han.com\\\/#\\\/schema\\\/person\\\/b660d5ebfe0b36815887e51c69b5f4e2\",\"name\":\"Robert Tomi\u0107\",\"image\":{\"@type\":\"ImageObject\",\"inLanguage\":\"de-AT\",\"@id\":\"https:\\\/\\\/tomic-han.com\\\/wp-content\\\/uploads\\\/2025\\\/03\\\/robert-tomic_avatar-96x96.jpeg\",\"url\":\"https:\\\/\\\/tomic-han.com\\\/wp-content\\\/uploads\\\/2025\\\/03\\\/robert-tomic_avatar-96x96.jpeg\",\"contentUrl\":\"https:\\\/\\\/tomic-han.com\\\/wp-content\\\/uploads\\\/2025\\\/03\\\/robert-tomic_avatar-96x96.jpeg\",\"caption\":\"Robert Tomi\u0107\"},\"description\":\"Licensed Architect in Austria\\\/EU | Ziviltechniker | Founding Partner at THA\",\"sameAs\":[\"https:\\\/\\\/tomic-han.com\\\/rot\\\/\"],\"url\":\"https:\\\/\\\/tomic-han.com\\\/de\\\/author\\\/rot\\\/\"}]}<\/script>\n<!-- \/ Yoast SEO Premium plugin. -->","yoast_head_json":{"title":"The Silent Crisis in Architecture | Who Designs & Builds?","description":"Who truly shapes our built environment? From designers to policymakers, discover the forces behind the silent crisis in architecture.","robots":{"index":"index","follow":"follow","max-snippet":"max-snippet:-1","max-image-preview":"max-image-preview:large","max-video-preview":"max-video-preview:-1"},"canonical":"https:\/\/tomic-han.com\/de\/logbuch\/the-silent-crisis-in-architecture\/","og_locale":"de_DE","og_type":"article","og_title":"The Silent Crisis in Architecture: Who Designs, Who Builds, and Who Leads?","og_description":"Who truly shapes our built environment? From designers to policymakers, discover the forces behind the silent crisis in architecture.","og_url":"https:\/\/tomic-han.com\/de\/logbuch\/the-silent-crisis-in-architecture\/","og_site_name":"THA","article_published_time":"2025-03-05T19:00:54+00:00","article_modified_time":"2025-03-13T19:02:38+00:00","og_image":[{"width":2560,"height":1714,"url":"https:\/\/tomic-han.com\/wp-content\/uploads\/2025\/03\/jon-del-rivero-AjF5fv4-a2U-unsplash-scaled.jpg","type":"image\/jpeg"}],"author":"Robert Tomi\u0107","twitter_card":"summary_large_image","twitter_misc":{"Verfasst von":"Robert Tomi\u0107","Gesch\u00e4tzte Lesezeit":"7 Minuten"},"schema":{"@context":"https:\/\/schema.org","@graph":[{"@type":"Article","@id":"https:\/\/tomic-han.com\/logbuch\/the-silent-crisis-in-architecture\/#article","isPartOf":{"@id":"https:\/\/tomic-han.com\/logbuch\/the-silent-crisis-in-architecture\/"},"author":{"name":"Robert Tomi\u0107","@id":"https:\/\/tomic-han.com\/#\/schema\/person\/b660d5ebfe0b36815887e51c69b5f4e2"},"headline":"The Silent Crisis in Architecture: Who Designs, Who Builds, and Who Leads?","datePublished":"2025-03-05T19:00:54+00:00","dateModified":"2025-03-13T19:02:38+00:00","mainEntityOfPage":{"@id":"https:\/\/tomic-han.com\/logbuch\/the-silent-crisis-in-architecture\/"},"wordCount":1420,"image":{"@id":"https:\/\/tomic-han.com\/logbuch\/the-silent-crisis-in-architecture\/#primaryimage"},"thumbnailUrl":"https:\/\/tomic-han.com\/wp-content\/uploads\/2025\/03\/jon-del-rivero-AjF5fv4-a2U-unsplash-scaled.jpg","articleSection":["logbuch"],"inLanguage":"de-AT"},{"@type":"WebPage","@id":"https:\/\/tomic-han.com\/logbuch\/the-silent-crisis-in-architecture\/","url":"https:\/\/tomic-han.com\/logbuch\/the-silent-crisis-in-architecture\/","name":"The Silent Crisis in Architecture | Who Designs & Builds?","isPartOf":{"@id":"https:\/\/tomic-han.com\/#website"},"primaryImageOfPage":{"@id":"https:\/\/tomic-han.com\/logbuch\/the-silent-crisis-in-architecture\/#primaryimage"},"image":{"@id":"https:\/\/tomic-han.com\/logbuch\/the-silent-crisis-in-architecture\/#primaryimage"},"thumbnailUrl":"https:\/\/tomic-han.com\/wp-content\/uploads\/2025\/03\/jon-del-rivero-AjF5fv4-a2U-unsplash-scaled.jpg","datePublished":"2025-03-05T19:00:54+00:00","dateModified":"2025-03-13T19:02:38+00:00","author":{"@id":"https:\/\/tomic-han.com\/#\/schema\/person\/b660d5ebfe0b36815887e51c69b5f4e2"},"description":"Who truly shapes our built environment? From designers to policymakers, discover the forces behind the silent crisis in architecture.","breadcrumb":{"@id":"https:\/\/tomic-han.com\/logbuch\/the-silent-crisis-in-architecture\/#breadcrumb"},"inLanguage":"de-AT","potentialAction":[{"@type":"ReadAction","target":["https:\/\/tomic-han.com\/logbuch\/the-silent-crisis-in-architecture\/"]}]},{"@type":"ImageObject","inLanguage":"de-AT","@id":"https:\/\/tomic-han.com\/logbuch\/the-silent-crisis-in-architecture\/#primaryimage","url":"https:\/\/tomic-han.com\/wp-content\/uploads\/2025\/03\/jon-del-rivero-AjF5fv4-a2U-unsplash-scaled.jpg","contentUrl":"https:\/\/tomic-han.com\/wp-content\/uploads\/2025\/03\/jon-del-rivero-AjF5fv4-a2U-unsplash-scaled.jpg","width":2560,"height":1714,"caption":"A sea of swimmers battling currents\u2014an analogy for architects navigating the silent crisis in architecture. As digitalisation and construction constraints reshape the industry, who is truly leading the process? \ud83d\udcf7 Jon del Rivero \/ Unsplash."},{"@type":"BreadcrumbList","@id":"https:\/\/tomic-han.com\/logbuch\/the-silent-crisis-in-architecture\/#breadcrumb","itemListElement":[{"@type":"ListItem","position":1,"name":"Home","item":"https:\/\/tomic-han.com\/"},{"@type":"ListItem","position":2,"name":"The Silent Crisis in Architecture: Who Designs, Who Builds, and Who Leads?"}]},{"@type":"WebSite","@id":"https:\/\/tomic-han.com\/#website","url":"https:\/\/tomic-han.com\/","name":"THA","description":"shape your space with care","potentialAction":[{"@type":"SearchAction","target":{"@type":"EntryPoint","urlTemplate":"https:\/\/tomic-han.com\/?s={search_term_string}"},"query-input":{"@type":"PropertyValueSpecification","valueRequired":true,"valueName":"search_term_string"}}],"inLanguage":"de-AT"},{"@type":"Person","@id":"https:\/\/tomic-han.com\/#\/schema\/person\/b660d5ebfe0b36815887e51c69b5f4e2","name":"Robert Tomi\u0107","image":{"@type":"ImageObject","inLanguage":"de-AT","@id":"https:\/\/tomic-han.com\/wp-content\/uploads\/2025\/03\/robert-tomic_avatar-96x96.jpeg","url":"https:\/\/tomic-han.com\/wp-content\/uploads\/2025\/03\/robert-tomic_avatar-96x96.jpeg","contentUrl":"https:\/\/tomic-han.com\/wp-content\/uploads\/2025\/03\/robert-tomic_avatar-96x96.jpeg","caption":"Robert Tomi\u0107"},"description":"Staatlich befugter und beeideter Ziviltechniker (Architekt) in \u00d6sterreich\/EU | Ziviltechniker | Gr\u00fcndungspartner von THA","sameAs":["https:\/\/tomic-han.com\/rot\/"],"url":"https:\/\/tomic-han.com\/de\/author\/rot\/"}]}},"_links":{"self":[{"href":"https:\/\/tomic-han.com\/de\/wp-json\/wp\/v2\/posts\/3852","targetHints":{"allow":["GET"]}}],"collection":[{"href":"https:\/\/tomic-han.com\/de\/wp-json\/wp\/v2\/posts"}],"about":[{"href":"https:\/\/tomic-han.com\/de\/wp-json\/wp\/v2\/types\/post"}],"author":[{"embeddable":true,"href":"https:\/\/tomic-han.com\/de\/wp-json\/wp\/v2\/users\/8"}],"replies":[{"embeddable":true,"href":"https:\/\/tomic-han.com\/de\/wp-json\/wp\/v2\/comments?post=3852"}],"version-history":[{"count":0,"href":"https:\/\/tomic-han.com\/de\/wp-json\/wp\/v2\/posts\/3852\/revisions"}],"wp:featuredmedia":[{"embeddable":true,"href":"https:\/\/tomic-han.com\/de\/wp-json\/wp\/v2\/media\/3854"}],"wp:attachment":[{"href":"https:\/\/tomic-han.com\/de\/wp-json\/wp\/v2\/media?parent=3852"}],"wp:term":[{"taxonomy":"category","embeddable":true,"href":"https:\/\/tomic-han.com\/de\/wp-json\/wp\/v2\/categories?post=3852"},{"taxonomy":"post_tag","embeddable":true,"href":"https:\/\/tomic-han.com\/de\/wp-json\/wp\/v2\/tags?post=3852"}],"curies":[{"name":"wp","href":"https:\/\/api.w.org\/{rel}","templated":true}]}}